{"id":1964,"count":1,"description":"","link":"http:\/\/blog.tilos.hu\/hangzoirodalom\/archivum\/tag\/az-epitesz-kos-karoly-valasza-a-korunk-galeria-vendegekent-1975-ben","name":"Az \u00e9p\u00edt\u00e9sz K\u00f3s K\u00e1roly v\u00e1lasza a Korunk gal\u00e9ria vend\u00e9gek\u00e9nt 1975-ben","slug":"az-epitesz-kos-karoly-valasza-a-korunk-galeria-vendegekent-1975-ben","taxonomy":"post_tag","meta":[],"_links":{"self":[{"href":"http:\/\/blog.tilos.hu\/hangzoirodalom\/wp-json\/wp\/v2\/tags\/1964"}],"collection":[{"href":"http:\/\/blog.tilos.hu\/hangzoirodalom\/wp-json\/wp\/v2\/tags"}],"about":[{"href":"http:\/\/blog.tilos.hu\/hangzoirodalom\/wp-json\/wp\/v2\/taxonomies\/post_tag"}],"wp:post_type":[{"href":"http:\/\/blog.tilos.hu\/hangzoirodalom\/wp-json\/wp\/v2\/posts?tags=1964"}],"curies":[{"name":"wp","href":"https:\/\/api.w.org\/{rel}","templated":true}]}}