{"id":1766,"count":1,"description":"","link":"http:\/\/blog.tilos.hu\/hangzoirodalom\/archivum\/tag\/nok-a-podiumon-noi-hangnaptar-e-jeles-tavaszi-napon-a-nyari-felhok-felett","name":"N\u0151k a p\u00f3diumon - n\u0151i hangnapt\u00e1r e jeles tavaszi napon \/ a ny\u00e1ri felh\u0151k felett","slug":"nok-a-podiumon-noi-hangnaptar-e-jeles-tavaszi-napon-a-nyari-felhok-felett","taxonomy":"post_tag","meta":[],"_links":{"self":[{"href":"http:\/\/blog.tilos.hu\/hangzoirodalom\/wp-json\/wp\/v2\/tags\/1766"}],"collection":[{"href":"http:\/\/blog.tilos.hu\/hangzoirodalom\/wp-json\/wp\/v2\/tags"}],"about":[{"href":"http:\/\/blog.tilos.hu\/hangzoirodalom\/wp-json\/wp\/v2\/taxonomies\/post_tag"}],"wp:post_type":[{"href":"http:\/\/blog.tilos.hu\/hangzoirodalom\/wp-json\/wp\/v2\/posts?tags=1766"}],"curies":[{"name":"wp","href":"https:\/\/api.w.org\/{rel}","templated":true}]}}