{"id":1705,"count":1,"description":"","link":"http:\/\/blog.tilos.hu\/hangzoirodalom\/archivum\/tag\/racz-aladar-emlekezik-sztravinszkijra","name":"R\u00e1cz Alad\u00e1r eml\u00e9kezik Sztravinszkijra","slug":"racz-aladar-emlekezik-sztravinszkijra","taxonomy":"post_tag","meta":[],"_links":{"self":[{"href":"http:\/\/blog.tilos.hu\/hangzoirodalom\/wp-json\/wp\/v2\/tags\/1705"}],"collection":[{"href":"http:\/\/blog.tilos.hu\/hangzoirodalom\/wp-json\/wp\/v2\/tags"}],"about":[{"href":"http:\/\/blog.tilos.hu\/hangzoirodalom\/wp-json\/wp\/v2\/taxonomies\/post_tag"}],"wp:post_type":[{"href":"http:\/\/blog.tilos.hu\/hangzoirodalom\/wp-json\/wp\/v2\/posts?tags=1705"}],"curies":[{"name":"wp","href":"https:\/\/api.w.org\/{rel}","templated":true}]}}