{"id":3344,"date":"2014-07-27T13:30:26","date_gmt":"2014-07-27T11:30:26","guid":{"rendered":"http:\/\/blog.tilos.hu\/hangzoirodalom\/?p=3344"},"modified":"2016-11-03T00:06:15","modified_gmt":"2016-11-02T23:06:15","slug":"kelta-karo-tebolyda-dyogenesz-2010-12-19-adas-ismetlese","status":"publish","type":"post","link":"http:\/\/blog.tilos.hu\/hangzoirodalom\/archivum\/3344","title":{"rendered":"KELTA KAR\u00d3: T\u00e9bolYDA DYogenesz. (2010.12.19. ad\u00e1s ism\u00e9tl\u00e9se)"},"content":{"rendered":"<p style=\"text-align: left;\"><iframe loading=\"lazy\" src=\"https:\/\/www.mixcloud.com\/widget\/iframe\/?feed=https%3A%2F%2Fwww.mixcloud.com%2FAt_sz%2Ftebolyda-dyogenesz-kelta-karo-pont-muhely-krudy-gyula-ady-endre-ejszakai%2F&amp;hide_cover=1&amp;mini=1&amp;light=1\" width=\"100%\" height=\"60\" frameborder=\"0\"><\/iframe><\/p>\n<p style=\"text-align: left;\"><em><img loading=\"lazy\" decoding=\"async\" class=\"alignnone\" src=\"http:\/\/moly.hu\/system\/covers\/big\/covers_54790.jpg?1395360945\" alt=\"\" width=\"400\" height=\"595\" \/><\/em><\/p>\n<p style=\"text-align: left;\"><em>Kelta Kar\u00f3 &#8211; Pont M\u0171hely bemutatja: Kr\u00fady Gyula &#8211; Ady Endre \u00e9jszak\u00e1i (\u00e9l\u0151 hangj\u00e1t\u00e9k)<\/em><\/p>\n<p style=\"text-align: left;\"><em>Felolvas: Szab\u00f3 Simon, Pereszl\u00e9nyi Erika, Laboda Korn\u00e9l<\/em><\/p>\n<p style=\"text-align: left;\"><em>Zene, effektek: Sanyi, At_sz<\/em><\/p>\n<p style=\"text-align: left;\"><em>&#8220;M\u00e1s az \u00e9jszaka le\u00e1nya \u00e9jf\u00e9l el\u0151tt \u00e9s m\u00e1s \u00e9jf\u00e9l ut\u00e1n. K\u00fcl\u00f6n\u00f6sen az ilyen sokat h\u00e1nyt, vetett, szenvedett \u00e9s vigadott h\u00f6lgy, aki dalaival \u00e9s t\u00e1ncaival f\u00f6ll\u00e9pett minden orfeumban, amely f\u00f6llelhet\u0151 volt az Adri\u00e1t\u00f3l a K\u00e1rp\u00e1tokig. R. Mariska v\u00e1ndorl\u00e1sai folyam\u00e1n f\u00e9rfias, b\u00e1tor, f\u00e9lelem n\u00e9lk\u00fcli h\u00f6lgy lett, aki bizony nem nagyon tisztelte a k\u00f6lt\u0151ket az alkot\u00e1s pillanataiban. Nem tehetett r\u00f3la: nem volt sz\u00e9pl\u00e9lek, csak dalcsarnoki \u00e9nekesn\u0151, aki bizony\u00e1ra Ady k\u00f6ltem\u00e9nyeinek se tulajdon\u00edtott nagyobb jelent\u0151s\u00e9get, mint ama daloknak, amelyeket sz\u00e1m\u00e1ra a Kir\u00e1ly utc\u00e1ban \u00edrtak egy k\u00e1v\u00e9h\u00e1zban.&#8221;<\/em><\/p>\n<p style=\"text-align: left;\"><em>Sz\u0151ke Szak\u00e1ll &#8211; Akinek p\u00e9nze van<\/em><\/p>\n<p style=\"text-align: left;\"><em>M\u00f3ricz Zsigmond Ady Endr\u00e9r\u0151l (Sinkovits Imre)<\/em><\/p>\n<p style=\"text-align: left;\"><em>Nino Rota &#8211; Feathers of Spring \/ Sidewalk Parade \/ The Emir and his Odalisques<\/em><\/p>\n<p style=\"text-align: left;\"><em>Ady Endre \u00e9jszak\u00e1i (Szab\u00f3 Simon)<\/em><\/p>\n<p style=\"text-align: left;\"><em><img loading=\"lazy\" decoding=\"async\" class=\"alignnone\" src=\"http:\/\/kidsmusiccorner.co.uk\/wp-content\/uploads\/2009\/12\/Dave-Brubeck-2.jpg\" alt=\"\" width=\"400\" height=\"533\" \/><\/em><\/p>\n<p style=\"text-align: left;\"><em>Dave Brubeck &#8211; Unsquare Dance \/ The Duke<\/em><br \/>\n<em> Hurricane egy\u00fcttes &#8211; Diogenesz<\/em><\/p>\n<p style=\"text-align: left;\"><em>Ady Endre \u00e9jszak\u00e1i folyt. (Pereszl\u00e9nyi Erika)<\/em><\/p>\n<p style=\"text-align: left;\"><em>Sidney Bechet &#8211; Promenade aux champs elys\u00e9es \/ Un Unge Comme Ca<\/em><br \/>\n<em> Kar\u00e1dy Katalin &#8211; Nagyv\u00e1rosi mel\u00f3di\u00e1k<\/em><\/p>\n<p style=\"text-align: left;\"><em>Ady Endre \u00e9jszak\u00e1i folyt. (Laboda Korn\u00e9l)<\/em><\/p>\n<p style=\"text-align: left;\"><em>Beamter-Szab\u00f3 &#8211; Duna Blues<\/em><\/p>\n<p style=\"text-align: left;\"><em><img loading=\"lazy\" decoding=\"async\" class=\"alignnone\" src=\"https:\/\/eldiabolik.files.wordpress.com\/2014\/08\/ricardo-his-saxaphone-and-orchestra-last-tango-in-paris.jpg\" alt=\"\" width=\"400\" height=\"403\" \/><\/em><br \/>\n<em> Riccardo, his saxophone and his orchestra &#8211; Last Tango In Paris<\/em><br \/>\n<em> Mongo Santamaria &#8211; Last Tango In Paris<\/em><br \/>\n<em> S\u00e1ndor Anna &#8211; Aki pesten nem j\u00e1r k\u00e1v\u00e9h\u00e1zba<\/em><br \/>\n<em> Arch\u00edv rekl\u00e1m: Krist\u00e1lyv\u00edz \/ Poh\u00e1r par\u00e1d\u00e9<\/em><\/p>\n<p style=\"text-align: left;\"><em>Ady Endre \u00e9jszak\u00e1i folyt. (Pereszl\u00e9nyi Erika \/ Szab\u00f3 Simon)<\/em><\/p>\n<p style=\"text-align: left;\"><em><img loading=\"lazy\" decoding=\"async\" class=\"alignnone\" src=\"http:\/\/www.bsnpubs.com\/capitol\/78-10\/226.jpg\" alt=\"\" width=\"400\" height=\"400\" \/><\/em><\/p>\n<p style=\"text-align: left;\"><em>Les Paul &#8211; Caravan<\/em><br \/>\n<em> Living Marimbas &#8211; I Say A Little Prayer<\/em><br \/>\n<em> Riccardo, his saxophone and his orchestra &#8211; A Man and a Woman<\/em><br \/>\n<em> Kar\u00e1dy Katalin &#8211; Tangolita<\/em><\/p>\n<p style=\"text-align: left;\"><em>Ady Endre \u00e9jszak\u00e1i folyt. (n\u0151egyletek) (Laboda Korn\u00e9l \/ Szab\u00f3 Simon)<\/em><\/p>\n<p style=\"text-align: left;\"><em>Sunset Strings-fellini&#8217;s &#8211; 8 1\/2 \/ You Know \/ Funny World<\/em><br \/>\n<em> Tomita &#8211; Claire de lune<\/em><br \/>\n<em> Lantos Oliv\u00e9r &#8211; Peches n\u0151 a s\u00e1ri<\/em><br \/>\n<em> Sz\u00e9cs\u00e9n Mih\u00e1ly &#8211; K\u00f6zben halkan sz\u00f3l a dzsessz<\/em><\/p>\n<p style=\"text-align: left;\"><em>Ady Endre \u00e9jszak\u00e1i folyt. \/ Az orfeumi n\u0151 \u00e9s a pezsg\u0151 (Laboda Korn\u00e9l \/ Szab\u00f3 Simon \/ Pereszl\u00e9nyi Erika)<\/em><\/p>\n<p style=\"text-align: left;\"><em>Mongo Santamaria &#8211; Besame<\/em><\/p>\n<p style=\"text-align: left;\"><em><img loading=\"lazy\" decoding=\"async\" class=\"alignnone \" src=\"https:\/\/i.ytimg.com\/vi\/3UPnICN4Siw\/hqdefault.jpg\" alt=\"\" width=\"396\" height=\"297\" \/><\/em><br \/>\n<em> George Benson &#8211; California Dreaming<\/em><br \/>\n<em> Kapit\u00e1ny Anny &#8211; Tenyeremen hordom<\/em><br \/>\n<em> Hol\u00e9czy egy\u00fcttes &#8211; T\u00f3t\u00e1gas<\/em><\/p>\n","protected":false},"excerpt":{"rendered":"<p>Kelta Kar\u00f3 &#8211; Pont M\u0171hely bemutatja: Kr\u00fady Gyula &#8211; Ady Endre \u00e9jszak\u00e1i (\u00e9l\u0151 hangj\u00e1t\u00e9k) Felolvas: Szab\u00f3 Simon, Pereszl\u00e9nyi Erika, Laboda Korn\u00e9l Zene, effektek: Sanyi, At_sz &#8220;M\u00e1s az \u00e9jszaka le\u00e1nya \u00e9jf\u00e9l el\u0151tt \u00e9s m\u00e1s \u00e9jf\u00e9l ut\u00e1n. K\u00fcl\u00f6n\u00f6sen az ilyen sokat h\u00e1nyt, vetett, szenvedett \u00e9s vigadott h\u00f6lgy, aki dalaival \u00e9s t\u00e1ncaival f\u00f6ll\u00e9pett minden orfeumban, amely f\u00f6llelhet\u0151 volt [&hellip;]<\/p>\n","protected":false},"author":15,"featured_media":0,"comment_status":"open","ping_status":"open","sticky":false,"template":"","format":"standard","meta":{"footnotes":""},"categories":[7,18,22,41,145],"tags":[163,13,1360,378,346,526,1365,665,1364,1106,2725,162,156,947,171,1012,277,394,204,2726,525,1361,14,730,232,1362,2734,1363,1359,161,75,95],"_links":{"self":[{"href":"http:\/\/blog.tilos.hu\/hangzoirodalom\/wp-json\/wp\/v2\/posts\/3344"}],"collection":[{"href":"http:\/\/blog.tilos.hu\/hangzoirodalom\/wp-json\/wp\/v2\/posts"}],"about":[{"href":"http:\/\/blog.tilos.hu\/hangzoirodalom\/wp-json\/wp\/v2\/types\/post"}],"author":[{"embeddable":true,"href":"http:\/\/blog.tilos.hu\/hangzoirodalom\/wp-json\/wp\/v2\/users\/15"}],"replies":[{"embeddable":true,"href":"http:\/\/blog.tilos.hu\/hangzoirodalom\/wp-json\/wp\/v2\/comments?post=3344"}],"version-history":[{"count":29,"href":"http:\/\/blog.tilos.hu\/hangzoirodalom\/wp-json\/wp\/v2\/posts\/3344\/revisions"}],"predecessor-version":[{"id":5458,"href":"http:\/\/blog.tilos.hu\/hangzoirodalom\/wp-json\/wp\/v2\/posts\/3344\/revisions\/5458"}],"wp:attachment":[{"href":"http:\/\/blog.tilos.hu\/hangzoirodalom\/wp-json\/wp\/v2\/media?parent=3344"}],"wp:term":[{"taxonomy":"category","embeddable":true,"href":"http:\/\/blog.tilos.hu\/hangzoirodalom\/wp-json\/wp\/v2\/categories?post=3344"},{"taxonomy":"post_tag","embeddable":true,"href":"http:\/\/blog.tilos.hu\/hangzoirodalom\/wp-json\/wp\/v2\/tags?post=3344"}],"curies":[{"name":"wp","href":"https:\/\/api.w.org\/{rel}","templated":true}]}}