{"id":6238,"date":"2021-03-29T16:51:37","date_gmt":"2021-03-29T14:51:37","guid":{"rendered":"http:\/\/blog.tilos.hu\/bossabomdia\/?p=6238"},"modified":"2021-03-29T20:17:34","modified_gmt":"2021-03-29T18:17:34","slug":"bbd-radioshow-03-29-2021-kolbasti-aka-turku-2","status":"publish","type":"post","link":"http:\/\/blog.tilos.hu\/bossabomdia\/?p=6238","title":{"rendered":"BBD radioshow 03.29.2021 &#8211; Kolbasti (aka T\u00fcrk\u00fc 2)"},"content":{"rendered":"<p>15:09:25<br \/>\nTomanek: Kolbasti (<a href=\"https:\/\/www.mixcloud.com\/tomanek\/kolbasti\/\" rel=\"noopener\" target=\"_blank\">mixcloud<\/a>)<br \/>\n01 Bar\u0131\u015f Man\u00e7o w. Kurtalan Ekspresi &#8211; Vur Ha Vur<br \/>\n02 \u0130stanbul \u00c7alg\u0131c\u0131lar\u0131, \u0130stanbul \u015eark\u0131c\u0131lar\u0131 \u200e- Kalenin Burcu Muyam (T\u00fcrk\u00fc) (Enstrumantal)<br \/>\n03 Altin G\u00fcn &#8211; Ervah-\u0131 Ezelde<br \/>\n04 Altin G\u00fcn &#8211; Hey Nari<br \/>\n05 Fevzi Atlioglu folklor grubu \u2013 Kolbasti\/Metelik\/Halkali Seker<br \/>\n06 \u00d6zel T\u00fcrkba\u015f &#8211; Bouzoukia Solo<br \/>\n07 Esin Engin ve Orkestras\u0131 &#8211; Kolbast\u0131<br \/>\n15:30<br \/>\n08 Esin Engin Orkestras\u0131 &#8211; \u00dcsk\u00fcdar<br \/>\n09 Erkin Koray &#8211; Ma\u011farada D\u00fc\u011f\u00fcn<br \/>\n10 Ismet And The Minaretts &#8211; Sultan&#8217;s Dance<br \/>\n11 \u015eenay &#8211; En B\u00fcy\u00fck \u015eans\u0131n Ya\u015f\u0131yor Olman (Ye Me Le)<br \/>\n12 Ne\u015fe Karab\u00f6cek \u200e- Ayr\u0131l\u0131k G\u00fcn\u00fc<br \/>\n13 Ferdi \u00d6zbe\u011fen &#8211; Su Akar<br \/>\n14 Mehmet Ali Torun &#8211; Asiklar 1<br \/>\n15 Adil Arslan &#8211; \u00d6zlem<br \/>\n16 Kadir Iljazov \u2013 Lace Kerchief<br \/>\n16:00<br \/>\n17 Orchestra Aglika Belcheva w. Sudyka Ahmedova \u2013 I Wrote a Letter<br \/>\n18 Bar\u0131\u015f Man\u00e7o w. Kurtalan Ekspresi &#8211; E\u011fri B\u00fc\u011fr\u00fc<br \/>\n19 \u0130stanbul \u00c7alg\u0131c\u0131lar\u0131, \u0130stanbul \u015eark\u0131c\u0131lar\u0131 \u200e- Bursa&#8217;n\u0131n Ufak Tefek Ta\u015flar\u0131 \/ \u00c7aml\u0131ca Yolunda<br \/>\n20 Altin G\u00fcn &#8211; Vay D\u00fcnya<br \/>\n21 Altin G\u00fcn &#8211; Y\u00fcce Da\u011f Ba\u015f\u0131nda<br \/>\n22 Fevzi Atlioglu folklor grubu \u2013 Fidayda\/Meryem\/Mor Koyun (first part)<br \/>\n23 Esin Engin ve Orkestras\u0131 &#8211; Fidayda<br \/>\n24 Esin Engin Orkestras\u0131 &#8211; Beyo\u011flunda Gezersin (2nd part)<br \/>\n25 \u00d6zel T\u00fcrkba\u015f &#8211; \u00d6zel\u00b4s Belly Dance Routine (1st part)<br \/>\n26 Erkin Koray &#8211; Suskunlu\u011fun \u00d6tesi 2<br \/>\n16:30<br \/>\n27 Ayla Dikmen &#8211; Niksar&#8217;in Fidanlari<br \/>\n28 Adil Arslan &#8211; Haydar Haydar<br \/>\n29 Orchestra Aglika Belcheva w. Osman Azysov \u2013 Nazmie<br \/>\n30 Bar\u0131\u015f Man\u00e7o w. Kurtalan Ekspresi &#8211; Hal Hal<br \/>\n31 \u0130stanbul \u00c7alg\u0131c\u0131lar\u0131, \u0130stanbul \u015eark\u0131c\u0131lar\u0131 \u200e- \u0130ndim Yarin Bah\u00e7esine (first seconds, only the drums)<br \/>\n32 Altin G\u00fcn &#8211; Anlatmam Derdimi<br \/>\n33 Altin G\u00fcn &#8211; Yekte<br \/>\n34 Bar\u0131\u015f Man\u00e7o w. Kurtalan Ekspresi &#8211; Lambaya P\u00fcf De!<br \/>\n35 \u00d6zel T\u00fcrkba\u015f &#8211; \u00d6zel\u00b4s Belly Dance Routine (end)<br \/>\n36 Altin G\u00fcn &#8211; S\u00fcp\u00fcrgesi Yoncadan<br \/>\n17:00:22<br \/>\nh\u00edrek\/news<br \/>\nBr\u00fcsszeli Dikt\u00e1tum radio show <\/p>\n<p><strong>Hallgasd meg itt \/ Listen here<\/strong>:<br \/>\n<a href=\"https:\/\/tilos.hu\/mp3\/tilos-20210329-150925-170022.mp3\" target=\"_blank\">as a single .mp3<\/a><br \/>\nor in ~ half an hour long parts:<br \/>\n<a href=\"https:\/\/tilos.hu\/mp3\/tilos-20210329-150925-153000.mp3\">15:00<\/a> | <a href=\"https:\/\/tilos.hu\/mp3\/tilos-20210329-153000-160000.mp3\">15:30<\/a> | <a href=\"https:\/\/tilos.hu\/mp3\/tilos-20210329-160000-163000.mp3\">16:00<\/a> | <a href=\"https:\/\/tilos.hu\/mp3\/tilos-20210329-163000-170022.mp3\">16:30<\/a> <\/p>\n<p><img decoding=\"async\" src=\"http:\/\/bossabomdia.tilos.hu\/turku2.jpg\" alt=\"Tomanek: T\u00fcrk\u00fc\" \/><br \/>\nTomanek: Kolbasti (<a href=\"https:\/\/www.mixcloud.com\/tomanek\/kolbasti\/\" rel=\"noopener\" target=\"_blank\">mixcloud<\/a>) <\/p>\n","protected":false},"excerpt":{"rendered":"<p>15:09:25 Tomanek: Kolbasti (mixcloud) 01 Bar\u0131\u015f Man\u00e7o w. Kurtalan Ekspresi &#8211; Vur Ha Vur 02 \u0130stanbul \u00c7alg\u0131c\u0131lar\u0131, \u0130stanbul \u015eark\u0131c\u0131lar\u0131 \u200e- Kalenin Burcu Muyam (T\u00fcrk\u00fc) (Enstrumantal) 03 Altin G\u00fcn &#8211; Ervah-\u0131 Ezelde 04 Altin G\u00fcn &#8211; Hey Nari 05 Fevzi Atlioglu &hellip; <a href=\"http:\/\/blog.tilos.hu\/bossabomdia\/?p=6238\">Egy kattint\u00e1s ide a folytat\u00e1shoz&#8230;. <span class=\"meta-nav\">&rarr;<\/span><\/a><\/p>\n","protected":false},"author":5,"featured_media":0,"comment_status":"closed","ping_status":"open","sticky":false,"template":"","format":"standard","meta":{"footnotes":""},"categories":[15,11],"tags":[20,61,38,37,6,49],"_links":{"self":[{"href":"http:\/\/blog.tilos.hu\/bossabomdia\/index.php?rest_route=\/wp\/v2\/posts\/6238"}],"collection":[{"href":"http:\/\/blog.tilos.hu\/bossabomdia\/index.php?rest_route=\/wp\/v2\/posts"}],"about":[{"href":"http:\/\/blog.tilos.hu\/bossabomdia\/index.php?rest_route=\/wp\/v2\/types\/post"}],"author":[{"embeddable":true,"href":"http:\/\/blog.tilos.hu\/bossabomdia\/index.php?rest_route=\/wp\/v2\/users\/5"}],"replies":[{"embeddable":true,"href":"http:\/\/blog.tilos.hu\/bossabomdia\/index.php?rest_route=%2Fwp%2Fv2%2Fcomments&post=6238"}],"version-history":[{"count":6,"href":"http:\/\/blog.tilos.hu\/bossabomdia\/index.php?rest_route=\/wp\/v2\/posts\/6238\/revisions"}],"predecessor-version":[{"id":6244,"href":"http:\/\/blog.tilos.hu\/bossabomdia\/index.php?rest_route=\/wp\/v2\/posts\/6238\/revisions\/6244"}],"wp:attachment":[{"href":"http:\/\/blog.tilos.hu\/bossabomdia\/index.php?rest_route=%2Fwp%2Fv2%2Fmedia&parent=6238"}],"wp:term":[{"taxonomy":"category","embeddable":true,"href":"http:\/\/blog.tilos.hu\/bossabomdia\/index.php?rest_route=%2Fwp%2Fv2%2Fcategories&post=6238"},{"taxonomy":"post_tag","embeddable":true,"href":"http:\/\/blog.tilos.hu\/bossabomdia\/index.php?rest_route=%2Fwp%2Fv2%2Ftags&post=6238"}],"curies":[{"name":"wp","href":"https:\/\/api.w.org\/{rel}","templated":true}]}}