{"id":5295,"date":"2019-11-25T16:53:19","date_gmt":"2019-11-25T15:53:19","guid":{"rendered":"http:\/\/blog.tilos.hu\/bossabomdia\/?p=5295"},"modified":"2019-11-25T21:04:24","modified_gmt":"2019-11-25T20:04:24","slug":"bbd-radioshow-11-25-2019-irakere","status":"publish","type":"post","link":"http:\/\/blog.tilos.hu\/bossabomdia\/?p=5295","title":{"rendered":"BBD radioshow 11.25.2019 &#8211; Irakere and Chucho Vald\u00e9s"},"content":{"rendered":"<p>15:04:32<br \/>\n-02. Trio Pag\u00e3o, Escola De Samba e Maestro Pocho P\u00e9rez &#8211; O Caminho Do Samba<br \/>\n-01. Trio Pag\u00e3o, Escola De Samba e Maestro Pocho P\u00e9rez &#8211; Eu N\u00e3o Sou O Que Ela Pensou<br \/>\n00. Trio Pag\u00e3o, Escola De Samba e Maestro Pocho P\u00e9rez &#8211; Ritmos E Cores Brasileiras<br \/>\n15:25:15<br \/>\n&#8212;&#8211;<br \/>\n<img decoding=\"async\" src=\"http:\/\/bossabomdia.tilos.hu\/irakere.jpg\" alt=\"Cuba Libre, part one: Irakere\" \/><br \/>\nCuba Libre, part one: <a href=\"http:\/\/bossabomdia.tilos.hu\/tomanek-irakere.mp3\" rel=\"noopener\" target=\"_blank\">Irakere<\/a> &amp; Jes\u00fas Vald\u00e9s Rodr\u00edguez aka Chucho Vald\u00e9s (89:53, 129 MB, 192 kbps, <a href=\"https:\/\/www.mixcloud.com\/tomanek\/irakere-and-chucho-valdes\/\" rel=\"noopener\" target=\"_blank\">mixcloud<\/a>)<br \/>\n01. Irakere &#8211; Bacalao Con Pan (1974)<br \/>\n15:30<br \/>\n02. Irakere &#8211; Moja El Pan (1976)<br \/>\n03. Irakere &#8211; Quindiambo, 1st part (1974)<br \/>\n04. Irakere &#8211; Quindiambo, 2nd part (Live at The Golden Orpheus, Bulgaria, 1976)<br \/>\n05. Irakere &#8211; Dile A Catalina (197x)<br \/>\n06. Irakere &#8211; Encuentro (1980)<br \/>\n07. Irakere &#8211; Cha Cha Cha (1979)<br \/>\n08. Chucho Vald\u00e9s &#8211; Guajison (1965)<br \/>\n16:00<br \/>\n09. Chucho Vald\u00e9s and Guapacha &#8211; Cha Cha Be-Bop (1968)<br \/>\n10. Combo Chucho Vald\u00e9s &#8211; Chucho Cha Cha Cha (1967)<br \/>\n11. Orquesta Cubana De Musica Moderna (w. Chucho Vald\u00e9s) &#8211; El Niche (Aja Bibi) (1969)<br \/>\n12. Orquesta Cubana De Musica Moderna (w. Chucho Vald\u00e9s) &#8211; La Soga (1969)<br \/>\n13. Los Papines and Orquesta Cubana De Musica Moderna (w. Chucho Vald\u00e9s) &#8211; Tambores Felices (1974)<br \/>\n14. Irakere &#8211; Taka Taka Ta (1974) x2<br \/>\n15. Irakere &#8211; Chequer\u00e9-Son, 1st part (1976)<br \/>\n16. Irakere &#8211; Cheker\u00e9 Son, 2nd part (1979)<br \/>\n16:30<br \/>\n17. Irakere &#8211; Baila Mi Ritmo (1979)<br \/>\n18. Irakere &#8211; 38 1\/2 (1976)<br \/>\n19. Irakere &#8211; On Horseback, 1st part (Live at The Golden Orpheus, Bulgaria, 1976)<br \/>\n20. Irakere &#8211; Juana 1600, 2nd part (1976)<br \/>\n21. Los Papines and Orquesta Cubana De Musica Moderna (w. Chucho Vald\u00e9s) &#8211; La Lechoncita (1974)<br \/>\n22. Orquesta Cubana De Musica Moderna (w. Chucho Vald\u00e9s) &#8211; Te Vas A Casar (1969)<br \/>\n23. Chucho Vald\u00e9s &#8211; Sonidos Siderales (1969)<br \/>\n24. Orquesta Cubana De Musica Moderna (w. Chucho Vald\u00e9s) &#8211; De Mis Recuerdos (composed by Juan Formell &#8211; next part of Cuba Libre series: Los Van Van &amp; Juan Formell!) (1969)<br \/>\n16:55:20<br \/>\nh\u00edrek\/news<br \/>\nBr\u00fcsszeli Dikt\u00e1tum radio show <\/p>\n<p><strong>Hallgasd meg itt \/ Listen here<\/strong>:<br \/>\n<a href=\"https:\/\/tilos.hu\/mp3\/tilos-20191125-150432-165520.mp3\" target=\"_blank\">as a single .mp3<\/a><br \/>\nor in ~ half an hour long parts:<br \/>\n<a href=\"https:\/\/tilos.hu\/mp3\/tilos-20191125-150432-153000.mp3\">15:00<\/a> | <a href=\"https:\/\/tilos.hu\/mp3\/tilos-20191125-153000-160000.mp3\">15:30<\/a> | <a href=\"https:\/\/tilos.hu\/mp3\/tilos-20191125-160000-163000.mp3\">16:00<\/a> | <a href=\"https:\/\/tilos.hu\/mp3\/tilos-20191125-163000-165520.mp3\">16:30<\/a> <\/p>\n<p><img decoding=\"async\" src=\"http:\/\/bossabomdia.tilos.hu\/irakere_and_chucho_valdes.jpg\" alt=\"Irakere and Chucho Vald\u00e9s\" \/><br \/>\nCuba Libre, part one: <a href=\"http:\/\/bossabomdia.tilos.hu\/tomanek-irakere.mp3\" rel=\"noopener\" target=\"_blank\">Irakere<\/a> &amp; Jes\u00fas Vald\u00e9s Rodr\u00edguez aka Chucho Vald\u00e9s (89:53, 129 MB, 192 kbps, <a href=\"https:\/\/www.mixcloud.com\/tomanek\/irakere-and-chucho-valdes\/\" rel=\"noopener\" target=\"_blank\">mixcloud<\/a>)<\/p>\n","protected":false},"excerpt":{"rendered":"<p>15:04:32 -02. Trio Pag\u00e3o, Escola De Samba e Maestro Pocho P\u00e9rez &#8211; O Caminho Do Samba -01. Trio Pag\u00e3o, Escola De Samba e Maestro Pocho P\u00e9rez &#8211; Eu N\u00e3o Sou O Que Ela Pensou 00. Trio Pag\u00e3o, Escola De Samba &hellip; <a href=\"http:\/\/blog.tilos.hu\/bossabomdia\/?p=5295\">Egy kattint\u00e1s ide a folytat\u00e1shoz&#8230;. <span class=\"meta-nav\">&rarr;<\/span><\/a><\/p>\n","protected":false},"author":5,"featured_media":0,"comment_status":"closed","ping_status":"open","sticky":false,"template":"","format":"standard","meta":{"footnotes":""},"categories":[15,11],"tags":[76,8],"_links":{"self":[{"href":"http:\/\/blog.tilos.hu\/bossabomdia\/index.php?rest_route=\/wp\/v2\/posts\/5295"}],"collection":[{"href":"http:\/\/blog.tilos.hu\/bossabomdia\/index.php?rest_route=\/wp\/v2\/posts"}],"about":[{"href":"http:\/\/blog.tilos.hu\/bossabomdia\/index.php?rest_route=\/wp\/v2\/types\/post"}],"author":[{"embeddable":true,"href":"http:\/\/blog.tilos.hu\/bossabomdia\/index.php?rest_route=\/wp\/v2\/users\/5"}],"replies":[{"embeddable":true,"href":"http:\/\/blog.tilos.hu\/bossabomdia\/index.php?rest_route=%2Fwp%2Fv2%2Fcomments&post=5295"}],"version-history":[{"count":16,"href":"http:\/\/blog.tilos.hu\/bossabomdia\/index.php?rest_route=\/wp\/v2\/posts\/5295\/revisions"}],"predecessor-version":[{"id":5311,"href":"http:\/\/blog.tilos.hu\/bossabomdia\/index.php?rest_route=\/wp\/v2\/posts\/5295\/revisions\/5311"}],"wp:attachment":[{"href":"http:\/\/blog.tilos.hu\/bossabomdia\/index.php?rest_route=%2Fwp%2Fv2%2Fmedia&parent=5295"}],"wp:term":[{"taxonomy":"category","embeddable":true,"href":"http:\/\/blog.tilos.hu\/bossabomdia\/index.php?rest_route=%2Fwp%2Fv2%2Fcategories&post=5295"},{"taxonomy":"post_tag","embeddable":true,"href":"http:\/\/blog.tilos.hu\/bossabomdia\/index.php?rest_route=%2Fwp%2Fv2%2Ftags&post=5295"}],"curies":[{"name":"wp","href":"https:\/\/api.w.org\/{rel}","templated":true}]}}