{"id":5237,"date":"2019-10-21T16:57:03","date_gmt":"2019-10-21T14:57:03","guid":{"rendered":"http:\/\/blog.tilos.hu\/bossabomdia\/?p=5237"},"modified":"2019-10-21T19:00:06","modified_gmt":"2019-10-21T17:00:06","slug":"bbd-radioshow-10-21-2019-bratislava-jazz-days-part-one","status":"publish","type":"post","link":"http:\/\/blog.tilos.hu\/bossabomdia\/?p=5237","title":{"rendered":"BBD radioshow 10.21.2019 &#8211; Bratislava Jazz Days, part one"},"content":{"rendered":"<p>15:07:27<br \/>\n01. Pra\u017esk\u00fd Big Band M. Svobodu &#8211; Podobize\u0148 (Portrait) (Live at Bratislava Jazz Days 1976)<br \/>\n02. Erich Klienschuster Group &#8211; Donna Lee (Live at Bratislava Jazz Days 1979)<br \/>\n03. The International Conclave &#8211; St. Thomas (Live at Bratislava Jazz Days 1982)<br \/>\n15:35<br \/>\n04. Espirit &#8211; Na Ceste (Live at Bratislava Jazz Days 1983)<br \/>\n05. V.V. Syst\u00e9m &#8211; Samba (Live at Bratislava Jazz Days 1986)<br \/>\n06. Combo Ladislava Gerhardta a Laco D\u00e9czi &#8211; Impression (Live at Bratislava Jazz Days 1976)<br \/>\n07. Milan Svoboda Quartet \u2013 This Evening (Live at Bratislava Jazz Days 1979)<br \/>\n16:01<br \/>\n08. Combo Petra Lipu &#8211; Moanin&#8217; (Live at Bratislava Jazz Days 1982)<br \/>\n09. V. V. System International &#8211; Ke\u010f Si Had Zahryzne Do Vlastn\u00e9ho Chvosta (Live at Bratislava Jazz Days 1983)<br \/>\n10. Sperl-Wolf-Br\u00e4uer Trio &#8211; Polar Bear Samba (aka &#8220;Polar Beer Samba&#8221;) (Live at Bratislava Jazz Days 1986)<br \/>\n11. Combo Ladislava Gerhardta a Laco D\u00e9czi &#8211; Summertime (Live at Bratislava Jazz Days 1976)<br \/>\n12. Milan Svoboda Prague Big Band &#8211; Let&#8217;s Have Rock And Bottoms (Live at Bratislava Jazz Days 1979)<br \/>\n16:30<br \/>\n13. BP Convention &#8211; Keka Kolo (Live at Bratislava Jazz Days 1983)<br \/>\n14. Dimenzi\u00f3 egy\u00fcttes &#8211; Distant City (Live at Bratislava Jazz Days 1986)<br \/>\n15. Group Of Emil Viklick\u00fd w. Eva Svobodov\u00e1 &#8211; No More Blues (Live at Bratislava Jazz Days 1979)<br \/>\n16. Larry Coryell &#8211; Bolero (excerpt) (Live at Bratislava Jazz Days 1983)<br \/>\n17. Bobby McFerrin and Peter Lipa &#8211; One Note Samba (Live at Bratislava Jazz Days 1986)<br \/>\n18. J. P. Wr\u00f3blewski Quartet &#8211; A Black Rag From Calcutta (Live at Bratislava Jazz Days 1979)<br \/>\n16:57:18<br \/>\nh\u00edrek\/news<br \/>\nJ\u00f6v\u0151k\u00f3r radio show <\/p>\n<p><strong>Hallgasd meg itt \/ Listen here<\/strong>:<br \/>\n<a href=\"https:\/\/tilos.hu\/mp3\/tilos-20191021-150727-165718.mp3\" target=\"_blank\">as a single .mp3<\/a><br \/>\nor in ~ half an hour long parts:<br \/>\n<a href=\"https:\/\/tilos.hu\/mp3\/tilos-20191021-150727-153000.mp3\">15:00<\/a> | <a href=\"https:\/\/tilos.hu\/mp3\/tilos-20191021-153000-160000.mp3\">15:30<\/a> | <a href=\"https:\/\/tilos.hu\/mp3\/tilos-20191021-160000-163000.mp3\">16:00<\/a> | <a href=\"https:\/\/tilos.hu\/mp3\/tilos-20191021-163000-165718.mp3\">16:30<\/a> <\/p>\n<p><img decoding=\"async\" src=\"http:\/\/bossabomdia.tilos.hu\/bratislava_jazz_days_part_one.jpg\" alt=\"Bratislava Jazz Days, part one\" \/><\/p>\n","protected":false},"excerpt":{"rendered":"<p>15:07:27 01. Pra\u017esk\u00fd Big Band M. Svobodu &#8211; Podobize\u0148 (Portrait) (Live at Bratislava Jazz Days 1976) 02. Erich Klienschuster Group &#8211; Donna Lee (Live at Bratislava Jazz Days 1979) 03. The International Conclave &#8211; St. Thomas (Live at Bratislava Jazz &hellip; <a href=\"http:\/\/blog.tilos.hu\/bossabomdia\/?p=5237\">Egy kattint\u00e1s ide a folytat\u00e1shoz&#8230;. <span class=\"meta-nav\">&rarr;<\/span><\/a><\/p>\n","protected":false},"author":5,"featured_media":0,"comment_status":"closed","ping_status":"open","sticky":false,"template":"","format":"standard","meta":{"footnotes":""},"categories":[11],"tags":[5],"_links":{"self":[{"href":"http:\/\/blog.tilos.hu\/bossabomdia\/index.php?rest_route=\/wp\/v2\/posts\/5237"}],"collection":[{"href":"http:\/\/blog.tilos.hu\/bossabomdia\/index.php?rest_route=\/wp\/v2\/posts"}],"about":[{"href":"http:\/\/blog.tilos.hu\/bossabomdia\/index.php?rest_route=\/wp\/v2\/types\/post"}],"author":[{"embeddable":true,"href":"http:\/\/blog.tilos.hu\/bossabomdia\/index.php?rest_route=\/wp\/v2\/users\/5"}],"replies":[{"embeddable":true,"href":"http:\/\/blog.tilos.hu\/bossabomdia\/index.php?rest_route=%2Fwp%2Fv2%2Fcomments&post=5237"}],"version-history":[{"count":10,"href":"http:\/\/blog.tilos.hu\/bossabomdia\/index.php?rest_route=\/wp\/v2\/posts\/5237\/revisions"}],"predecessor-version":[{"id":5256,"href":"http:\/\/blog.tilos.hu\/bossabomdia\/index.php?rest_route=\/wp\/v2\/posts\/5237\/revisions\/5256"}],"wp:attachment":[{"href":"http:\/\/blog.tilos.hu\/bossabomdia\/index.php?rest_route=%2Fwp%2Fv2%2Fmedia&parent=5237"}],"wp:term":[{"taxonomy":"category","embeddable":true,"href":"http:\/\/blog.tilos.hu\/bossabomdia\/index.php?rest_route=%2Fwp%2Fv2%2Fcategories&post=5237"},{"taxonomy":"post_tag","embeddable":true,"href":"http:\/\/blog.tilos.hu\/bossabomdia\/index.php?rest_route=%2Fwp%2Fv2%2Ftags&post=5237"}],"curies":[{"name":"wp","href":"https:\/\/api.w.org\/{rel}","templated":true}]}}