{"id":4534,"date":"2018-07-09T16:45:07","date_gmt":"2018-07-09T14:45:07","guid":{"rendered":"http:\/\/blog.tilos.hu\/bossabomdia\/?p=4534"},"modified":"2018-07-09T18:53:54","modified_gmt":"2018-07-09T16:53:54","slug":"bbd-radioshow-07-09-2018","status":"publish","type":"post","link":"http:\/\/blog.tilos.hu\/bossabomdia\/?p=4534","title":{"rendered":"BBD radioshow 07.09.2018 &#8211; Parte Capital"},"content":{"rendered":"<p>15:05:32<br \/>\n(01-05. first tracks and minutes from Tomanek: <a href=\"http:\/\/bossabomdia.tilos.hu\/tomanek-in_memoriam_baden_powell_part_one.mp3\" rel=\"noopener\" target=\"_blank\">In memoriam Baden Powell, part one<\/a> (95:31, 256 kbps, 184 MB, <a href=\"https:\/\/www.mixcloud.com\/tomanek\/in-memoriam-baden-powell-part-one\/\" rel=\"noopener\" target=\"_blank\">mixcloud<\/a>)<br \/>\n01. Pr\u00e1 Que Chorar 02. Cidade Vazia 03. Upa Nequinho 04. Candombl\u00e9 05. A Lenda do Abaet\u00e9)<br \/>\n15:25:30<br \/>\n06. Luiz Bonf\u00e1 &#8211; Inquietacao<br \/>\n15:30<br \/>\n07. Cl\u00e1udia Versiani &#8211; Molambo<br \/>\n08. Gal Costa &#8211; Flor de Maracuj\u00e1<br \/>\n09. Azambuja &amp; CIA &#8211; Tema do Azambuja<br \/>\n10. Paulo Andr\u00e9 Barata &#8211; Pacar\u00e1<br \/>\n11. Marcos Moran &#8211; Batucada<br \/>\n12. Boogaloo Combo &#8211; Hot Pants Road<br \/>\n13. Dario Boente &amp; Huge in Japan &#8211; Sabes Que?<br \/>\n14. Anilza Leoni &#8211; Balumba<br \/>\n15. Trio Nordestino &#8211; Chinelo de Rosinha<br \/>\n16. Quarteto em Cy &#8211; Sao Salvador<br \/>\n16:00<br \/>\n17. Burnier e Cartier &#8211; Parte Capital<br \/>\n18. Jorge Ben &#8211; Domingas<br \/>\n19. MPB-4 &#8211; Sentinela<br \/>\n20. Brasil Tropical &#8211; Bahia, eu vou voltar<br \/>\n21. Tom Z\u00e9 &#8211; Morena<br \/>\n22. Gal Costa &#8211; O Vento<br \/>\n23. Burnier e Cartier &#8211; A\u00ed \u00c9 Que T\u00e1<br \/>\n24. Guimaraes e O Grupo Som Sagrado &#8211; Our Sound<br \/>\n25. Ben &amp; The Platano Group &#8211; Platano Split (FR)<br \/>\n16:30<br \/>\n26. Tamba Trio &#8211; Mestre Bimba<br \/>\n27. Golden Boys &#8211; Segura Na Cintura<br \/>\n28. Edson Frederico e A Transa &#8211; Bobeira<br \/>\n29. Jorge Ben &#8211; Por Causa de Voce Menina<br \/>\n30. Quinteto Violado &#8211; Marcha Nativa Dos Indios Quirris<br \/>\n31. Azymuth &#8211; Last Summer in Rio<br \/>\n16:57:52<br \/>\nh\u00edrek\/news<br \/>\nJ\u00f6v\u0151k\u00f3r radio show <\/p>\n<p><strong>Hallgasd meg itt \/ Listen here (dwnld) <\/strong>:<br \/>\n<a href=\"https:\/\/tilos.hu\/mp3\/tilos-20180709-152530-165752.mp3\" target=\"_blank\">as a single .mp3<\/a><br \/>\nor in ~ half an hour long parts:<br \/>\n<a href=\"https:\/\/tilos.hu\/mp3\/tilos-20180709-152530-153000.mp3\">15:00<\/a> | <a href=\"https:\/\/tilos.hu\/mp3\/tilos-20180709-153000-160000.mp3\">15:30<\/a> | <a href=\"https:\/\/tilos.hu\/mp3\/tilos-20180709-160000-163000.mp3\">16:00<\/a> | <a href=\"https:\/\/tilos.hu\/mp3\/tilos-20180709-163000-165752.mp3\">16:30<\/a> <\/p>\n<p><img decoding=\"async\" src=\"http:\/\/bossabomdia.tilos.hu\/burnier_e_cartier.jpg\" alt=\"Parte Capital\" \/><\/p>\n","protected":false},"excerpt":{"rendered":"<p>15:05:32 (01-05. first tracks and minutes from Tomanek: In memoriam Baden Powell, part one (95:31, 256 kbps, 184 MB, mixcloud) 01. Pr\u00e1 Que Chorar 02. Cidade Vazia 03. Upa Nequinho 04. Candombl\u00e9 05. A Lenda do Abaet\u00e9) 15:25:30 06. Luiz &hellip; <a href=\"http:\/\/blog.tilos.hu\/bossabomdia\/?p=4534\">Egy kattint\u00e1s ide a folytat\u00e1shoz&#8230;. <span class=\"meta-nav\">&rarr;<\/span><\/a><\/p>\n","protected":false},"author":5,"featured_media":0,"comment_status":"closed","ping_status":"open","sticky":false,"template":"","format":"standard","meta":{"footnotes":""},"categories":[11],"tags":[9],"_links":{"self":[{"href":"http:\/\/blog.tilos.hu\/bossabomdia\/index.php?rest_route=\/wp\/v2\/posts\/4534"}],"collection":[{"href":"http:\/\/blog.tilos.hu\/bossabomdia\/index.php?rest_route=\/wp\/v2\/posts"}],"about":[{"href":"http:\/\/blog.tilos.hu\/bossabomdia\/index.php?rest_route=\/wp\/v2\/types\/post"}],"author":[{"embeddable":true,"href":"http:\/\/blog.tilos.hu\/bossabomdia\/index.php?rest_route=\/wp\/v2\/users\/5"}],"replies":[{"embeddable":true,"href":"http:\/\/blog.tilos.hu\/bossabomdia\/index.php?rest_route=%2Fwp%2Fv2%2Fcomments&post=4534"}],"version-history":[{"count":8,"href":"http:\/\/blog.tilos.hu\/bossabomdia\/index.php?rest_route=\/wp\/v2\/posts\/4534\/revisions"}],"predecessor-version":[{"id":4542,"href":"http:\/\/blog.tilos.hu\/bossabomdia\/index.php?rest_route=\/wp\/v2\/posts\/4534\/revisions\/4542"}],"wp:attachment":[{"href":"http:\/\/blog.tilos.hu\/bossabomdia\/index.php?rest_route=%2Fwp%2Fv2%2Fmedia&parent=4534"}],"wp:term":[{"taxonomy":"category","embeddable":true,"href":"http:\/\/blog.tilos.hu\/bossabomdia\/index.php?rest_route=%2Fwp%2Fv2%2Fcategories&post=4534"},{"taxonomy":"post_tag","embeddable":true,"href":"http:\/\/blog.tilos.hu\/bossabomdia\/index.php?rest_route=%2Fwp%2Fv2%2Ftags&post=4534"}],"curies":[{"name":"wp","href":"https:\/\/api.w.org\/{rel}","templated":true}]}}