{"id":130,"date":"2012-02-13T09:34:19","date_gmt":"2012-02-13T09:34:19","guid":{"rendered":"http:\/\/blog.tilos.hu\/alap\/?p=130"},"modified":"2012-02-13T09:44:44","modified_gmt":"2012-02-13T09:44:44","slug":"alap-indiai-klasszikus-zene-02-12","status":"publish","type":"post","link":"http:\/\/blog.tilos.hu\/alap\/2012\/02\/13\/alap-indiai-klasszikus-zene-02-12\/","title":{"rendered":"Alap \u2013 indiai klasszikus zene \u2013 02.12."},"content":{"rendered":"<p><img decoding=\"async\" src=\"http:\/\/tilos.hu\/images\/utolso_musor.jpg\" alt=\"\" \/>\u00a0<a href=\"http:\/\/tilos.hu\/archivum\/playlist.php?files=2012\/02\/12\/tilosradio-20120212-1130.mp3;2012\/02\/12\/tilosradio-20120212-1200.mp3;2012\/02\/12\/tilosradio-20120212-1230.mp3;2012\/02\/12\/tilosradio-20120212-1300.mp3;.m3u\">Hallgasd meg ezt az ad\u00e1st!<\/a><\/p>\n<p><img decoding=\"async\" src=\"http:\/\/www.brijnarayansarod.com\/images\/brijnarayan-photo-1.jpg\" alt=\"http:\/\/www.brijnarayansarod.com\/images\/brijnarayan-photo-1.jpg\" \/><\/p>\n<p><strong>Brij Narayan<\/strong> &#8211; Sarod<br \/>\nAnindo Chatterjee &#8211; Tabla<br \/>\n<strong>Raga Bhimpalasi<\/strong><br \/>\n<em>Decca 448 676-2 <\/em><\/p>\n<p>*****<\/p>\n<p><img decoding=\"async\" src=\"http:\/\/anandgopalan.com\/wp-content\/uploads\/2010\/09\/l_subramaniam_20070820.jpg\" alt=\"http:\/\/anandgopalan.com\/wp-content\/uploads\/2010\/09\/l_subramaniam_20070820.jpg\" \/><\/p>\n<p><strong>Dr. L. Subramaniam<\/strong> &#8211; Violin<br \/>\nKaraikudi Krishnamurthi &#8211; Mridangam<br \/>\nAnindo Chatterjee &#8211; Tabla<br \/>\nTH Subashchandran &#8211; Ghatam and Konnakol<br \/>\nArchana Rajan &#8211; Tanpura<br \/>\n<strong>Raga Abhogi<\/strong> &#8221;<em>Sada Mandil Vazhum<\/em>&#8221;<br \/>\n<em>Audiorec Classics<\/em><\/p>\n<p>*****<\/p>\n<p><img decoding=\"async\" src=\"http:\/\/www.indianetzone.com\/photos_gallery\/13\/kumargandharva_13548.jpg\" alt=\"http:\/\/www.indianetzone.com\/photos_gallery\/13\/kumargandharva_13548.jpg\" \/><\/p>\n<p><strong>Kumar Gandharva<\/strong> &#8211; Vocal<br \/>\n<strong>Raga Bhimpalasi<\/strong><\/p>\n<p>*****<\/p>\n<p><strong><br \/>\n<\/strong><img loading=\"lazy\" decoding=\"async\" src=\"http:\/\/1.bp.blogspot.com\/-1Sie8reACWQ\/TeUbUmJIDgI\/AAAAAAAADIY\/lq0Wppkr9HI\/s1600\/ECSD2601_front_ed.jpg\" alt=\"http:\/\/1.bp.blogspot.com\/-1Sie8reACWQ\/TeUbUmJIDgI\/AAAAAAAADIY\/lq0Wppkr9HI\/s1600\/ECSD2601_front_ed.jpg\" width=\"350\" height=\"352\" \/><\/p>\n<p><strong>Budhaditya Mukherjee<\/strong> &#8211; Sitar<br \/>\nSabir Khan &#8211; Tabla<br \/>\n<strong>Raga Bhimpalasi<\/strong><\/p>\n<p>*****<\/p>\n<p><a href=\"http:\/\/upload.wikimedia.org\/wikipedia\/commons\/d\/da\/L_Shankar.jpg\"><img loading=\"lazy\" decoding=\"async\" src=\"http:\/\/upload.wikimedia.org\/wikipedia\/commons\/d\/da\/L_Shankar.jpg\" alt=\"File:L Shankar.jpg\" width=\"270\" height=\"359\" border=\"0\" \/><\/a><\/p>\n<p>L. (Lakshminarayan) Shankar,\u00a0 akit a legt\u00f6bben a Shakti zenekarb\u00f3l ismernek,<br \/>\na karnatikus zene h\u00edres heged\u0171s\u00e9nek Dr. L. Subramaniam-nak az \u00f6ccse.<br \/>\nEz el\u0151tt a felv\u00e9tel el\u0151tt magyar\u00e1zom el a 4 \u00e9s f\u00e9lben val\u00f3 sz\u00e1mol\u00e1s cs\u00ednj\u00e1t-b\u00ednj\u00e1t<br \/>\n\u00e9s L. Shankar \u00f6rd\u00f6gi tremol\u00f3j\u00e1ra is r\u00e1mutatok!<\/p>\n<p><img loading=\"lazy\" decoding=\"async\" src=\"http:\/\/tilos.hu\/upload\/adasok\/3681\/Aberi.jpg\" alt=\"\" width=\"300\" height=\"300\" border=\"0\" \/><\/p>\n<p><strong>L. Shankar<\/strong> &#8211; violin<br \/>\nZakir Hussain &#8211; Tabla<br \/>\nVikku Vinayakram &#8211; Ghatam<br \/>\n<strong>Raga Aberi<\/strong><\/p>\n<p><em>L. Shankar<\/em>: <a href=\"http:\/\/en.wikipedia.org\/wiki\/L._Shankar\" target=\"_blank\">http:\/\/en.wikipedia.org\/wiki\/L._Shankar <\/a><\/p>\n<p><em>Dr. L. Subramaniam:<\/em> <a href=\"http:\/\/en.wikipedia.org\/wiki\/L._Subramaniam\" target=\"_blank\">http:\/\/en.wikipedia.org\/wiki\/L._Subramaniam <\/a><\/p>\n<p>&nbsp;<\/p>\n","protected":false},"excerpt":{"rendered":"<p>\u00a0Hallgasd meg ezt az ad\u00e1st! Brij Narayan &#8211; Sarod Anindo Chatterjee &#8211; Tabla Raga Bhimpalasi Decca 448 676-2 ***** Dr. L. Subramaniam &#8211; Violin Karaikudi Krishnamurthi &#8211; Mridangam Anindo Chatterjee &#8211; Tabla TH Subashchandran &#8211; Ghatam and Konnakol Archana Rajan &hellip; <a href=\"http:\/\/blog.tilos.hu\/alap\/2012\/02\/13\/alap-indiai-klasszikus-zene-02-12\/\">Egy kattint\u00e1s ide a folytat\u00e1shoz&#8230;. <span class=\"meta-nav\">&rarr;<\/span><\/a><\/p>\n","protected":false},"author":7,"featured_media":0,"comment_status":"open","ping_status":"open","sticky":false,"template":"","format":"standard","meta":{"footnotes":""},"categories":[1],"tags":[],"_links":{"self":[{"href":"http:\/\/blog.tilos.hu\/alap\/wp-json\/wp\/v2\/posts\/130"}],"collection":[{"href":"http:\/\/blog.tilos.hu\/alap\/wp-json\/wp\/v2\/posts"}],"about":[{"href":"http:\/\/blog.tilos.hu\/alap\/wp-json\/wp\/v2\/types\/post"}],"author":[{"embeddable":true,"href":"http:\/\/blog.tilos.hu\/alap\/wp-json\/wp\/v2\/users\/7"}],"replies":[{"embeddable":true,"href":"http:\/\/blog.tilos.hu\/alap\/wp-json\/wp\/v2\/comments?post=130"}],"version-history":[{"count":3,"href":"http:\/\/blog.tilos.hu\/alap\/wp-json\/wp\/v2\/posts\/130\/revisions"}],"predecessor-version":[{"id":132,"href":"http:\/\/blog.tilos.hu\/alap\/wp-json\/wp\/v2\/posts\/130\/revisions\/132"}],"wp:attachment":[{"href":"http:\/\/blog.tilos.hu\/alap\/wp-json\/wp\/v2\/media?parent=130"}],"wp:term":[{"taxonomy":"category","embeddable":true,"href":"http:\/\/blog.tilos.hu\/alap\/wp-json\/wp\/v2\/categories?post=130"},{"taxonomy":"post_tag","embeddable":true,"href":"http:\/\/blog.tilos.hu\/alap\/wp-json\/wp\/v2\/tags?post=130"}],"curies":[{"name":"wp","href":"https:\/\/api.w.org\/{rel}","templated":true}]}}