{"id":1,"date":"2011-07-24T19:31:20","date_gmt":"2011-07-24T19:31:20","guid":{"rendered":"http:\/\/blog.tilos.hu\/alap\/?p=1"},"modified":"2011-07-24T19:54:55","modified_gmt":"2011-07-24T19:54:55","slug":"hello-vilag","status":"publish","type":"post","link":"http:\/\/blog.tilos.hu\/alap\/2011\/07\/24\/hello-vilag\/","title":{"rendered":"Alap \u2013 indiai klasszikus zene \u2013 07.24."},"content":{"rendered":"<p><img decoding=\"async\" src=\"http:\/\/tilos.hu\/images\/utolso_musor.jpg\" alt=\"\" \/>\u00a0<a href=\"http:\/\/tilos.hu\/archivum\/playlist.php?files=2011\/07\/24\/tilosradio-20110724-1130.mp3;2011\/07\/24\/tilosradio-20110724-1200.mp3;2011\/07\/24\/tilosradio-20110724-1230.mp3;2011\/07\/24\/tilosradio-20110724-1300.mp3;.m3u\">Hallgasd meg ezt az ad\u00e1st!<\/a><\/p>\n<p>\u00dajra meg \u00fajra felmer\u00fcl a k\u00e9r\u00e9s, hogy magyar\u00e1zzak min\u00e9l t\u00f6bbet a t\u00e1la \u00e9s a r\u00e1ga rendszer\u00e9r\u0151l. Ezen a vas\u00e1rnapon egy k\u00eds\u00e9rleti ad\u00e1st hallhattok majd. Az ad\u00e1s <strong>JOBB<\/strong> csatorn\u00e1j\u00e1n nagyszer\u0171 r\u00e1g\u00e1k, m\u00edg a <strong>BAL<\/strong> csatorn\u00e1n az \u00e9n hozz\u00e1f\u0171z\u00f6tt magyar\u00e1zataim lesznek majd hallhat\u00f3ak. Ha teh\u00e1t valaki a kiv\u00e1l\u00f3 zen\u00e9re k\u00edv\u00e1ncsi, k\u00e9nytelen megel\u00e9gedni az egyik csatorn\u00e1val, m\u00edg ha valaki a magyar\u00e1zatokra is k\u00edv\u00e1ncsi, annak \u00e9rdemes <strong>SZTERE\u00d3BAN<\/strong> hallgatni az ad\u00e1st.<\/p>\n<p align=\"center\"><strong>Hallgass figyelmesen!<\/strong><\/p>\n<p>This nis a special program. Time to time listeners asking me some questions about raga and tala system. It is boring for those who are experts in these subjects but necessary for those who aren\u2019t. In this experimental radio-program in the <strong>RIGHT<\/strong> channel you can listen to pure Indian Classical Music meanwhile in the <strong>LEFT <\/strong>channel I\u2019m gonna explain the raga and the tala system in Hungarian. So you can get some wonderful music to listen to if you concentrate on the <strong>RIGHT <\/strong>channel.<\/p>\n<p align=\"center\"><strong>Listen carefully!<\/strong><\/p>\n<p><img loading=\"lazy\" decoding=\"async\" src=\"http:\/\/www.northindianmusic.com\/pics_concert\/Clip0007.jpg\" alt=\"http:\/\/www.northindianmusic.com\/pics_concert\/Clip0007.jpg\" width=\"387\" height=\"309\" border=\"0\" \/><\/p>\n<p><strong>Shahid Parvez<\/strong> \u2013 Sitar<br \/>\nAnindo Chatterjee \u2013 Tabla<br \/>\n<strong>Raga Bageshri<br \/>\n<\/strong><em><a href=\"http:\/\/tilos.hu\/ww.northindianmusic.com\" target=\"_blank\">ww.northindianmusic.com<\/a><\/em><\/p>\n<p><img loading=\"lazy\" decoding=\"async\" src=\"http:\/\/www.lokvani.com\/lokvani\/a_images\/y2004\/1700GundechaBrosSmall.jpg\" alt=\"http:\/\/www.lokvani.com\/lokvani\/a_images\/y2004\/1700GundechaBrosSmall.jpg\" width=\"389\" height=\"235\" border=\"0\" \/><\/p>\n<p><strong>Gundecha Brothers<\/strong> \u2013 Dhrupad Vocal<br \/>\n<strong>Raga Charukeshi <\/strong>(<em>Sooltal<\/em>)<br \/>\n<em>Ancestral Voices 04 <\/em><\/p>\n","protected":false},"excerpt":{"rendered":"<p>\u00a0Hallgasd meg ezt az ad\u00e1st! \u00dajra meg \u00fajra felmer\u00fcl a k\u00e9r\u00e9s, hogy magyar\u00e1zzak min\u00e9l t\u00f6bbet a t\u00e1la \u00e9s a r\u00e1ga rendszer\u00e9r\u0151l. Ezen a vas\u00e1rnapon egy k\u00eds\u00e9rleti ad\u00e1st hallhattok majd. Az ad\u00e1s JOBB csatorn\u00e1j\u00e1n nagyszer\u0171 r\u00e1g\u00e1k, m\u00edg a BAL csatorn\u00e1n az &hellip; <a href=\"http:\/\/blog.tilos.hu\/alap\/2011\/07\/24\/hello-vilag\/\">Egy kattint\u00e1s ide a folytat\u00e1shoz&#8230;. <span class=\"meta-nav\">&rarr;<\/span><\/a><\/p>\n","protected":false},"author":7,"featured_media":0,"comment_status":"open","ping_status":"open","sticky":false,"template":"","format":"standard","meta":{"footnotes":""},"categories":[1],"tags":[],"_links":{"self":[{"href":"http:\/\/blog.tilos.hu\/alap\/wp-json\/wp\/v2\/posts\/1"}],"collection":[{"href":"http:\/\/blog.tilos.hu\/alap\/wp-json\/wp\/v2\/posts"}],"about":[{"href":"http:\/\/blog.tilos.hu\/alap\/wp-json\/wp\/v2\/types\/post"}],"author":[{"embeddable":true,"href":"http:\/\/blog.tilos.hu\/alap\/wp-json\/wp\/v2\/users\/7"}],"replies":[{"embeddable":true,"href":"http:\/\/blog.tilos.hu\/alap\/wp-json\/wp\/v2\/comments?post=1"}],"version-history":[{"count":2,"href":"http:\/\/blog.tilos.hu\/alap\/wp-json\/wp\/v2\/posts\/1\/revisions"}],"predecessor-version":[{"id":4,"href":"http:\/\/blog.tilos.hu\/alap\/wp-json\/wp\/v2\/posts\/1\/revisions\/4"}],"wp:attachment":[{"href":"http:\/\/blog.tilos.hu\/alap\/wp-json\/wp\/v2\/media?parent=1"}],"wp:term":[{"taxonomy":"category","embeddable":true,"href":"http:\/\/blog.tilos.hu\/alap\/wp-json\/wp\/v2\/categories?post=1"},{"taxonomy":"post_tag","embeddable":true,"href":"http:\/\/blog.tilos.hu\/alap\/wp-json\/wp\/v2\/tags?post=1"}],"curies":[{"name":"wp","href":"https:\/\/api.w.org\/{rel}","templated":true}]}}